{"id":22632,"date":"2023-03-17T17:00:46","date_gmt":"2023-03-17T23:00:46","guid":{"rendered":"https:\/\/www.cervezamexico.com\/?p=22632"},"modified":"2023-03-17T17:00:48","modified_gmt":"2023-03-17T23:00:48","slug":"celebrando-el-dia-de-san-patricio-con-cerveza-artesanal","status":"publish","type":"post","link":"https:\/\/www.cervezamexico.com\/cdmx\/celebrando-el-dia-de-san-patricio-con-cerveza-artesanal\/","title":{"rendered":"Celebrando el D\u00eda de San Patricio con cerveza artesanal"},"content":{"rendered":"<p style=\"font-weight: 400;\">El D\u00eda de San Patricio es una festividad de origen irland\u00e9s que se celebra el 17 de marzo en honor al santo patr\u00f3n de Irlanda. Esta festividad se ha extendido a otros pa\u00edses, como los Estados Unidos, donde se ha convertido en una celebraci\u00f3n popular que involucra el consumo de cerveza. En este art\u00edculo, exploraremos la conexi\u00f3n entre el D\u00eda de San Patricio y la cerveza artesanal, y discutiremos algunos datos interesantes sobre la historia y la elaboraci\u00f3n de cerveza en Irlanda<strong>.<\/strong>, en donde se reunir\u00e1n m\u00e1s de 80 Cervecer\u00edas artesanales de M\u00e9xico y el mundo y m\u00e1s de 250 etiquetas.<\/p> <p><!--more--><\/p> <h2><div class=\"wp-block-image\"><\/h2> <figure class=\"aligncenter size-large is-resized\"><img loading=\"lazy\" decoding=\"async\" class=\"wp-image-22634\" src=\"https:\/\/www.cervezamexico.com\/wp-content\/uploads\/2023\/03\/sanpatricio-900x754.jpg\" alt=\"\" width=\"493\" height=\"412\" srcset=\"https:\/\/www.cervezamexico.com\/cdmx\/wp-content\/uploads\/2023\/03\/sanpatricio-900x754.jpg 900w, https:\/\/www.cervezamexico.com\/cdmx\/wp-content\/uploads\/2023\/03\/sanpatricio-600x503.jpg 600w, https:\/\/www.cervezamexico.com\/cdmx\/wp-content\/uploads\/2023\/03\/sanpatricio-768x644.jpg 768w, https:\/\/www.cervezamexico.com\/cdmx\/wp-content\/uploads\/2023\/03\/sanpatricio.jpg 940w\" sizes=\"auto, (max-width: 493px) 100vw, 493px\" \/><\/figure> <h2><\/div><\/h2> <h2>\u00a0<\/h2> <h2>Or\u00edgenes del D\u00eda de San Patricio<\/h2> <p>El D\u00eda de San Patricio se remonta al siglo XVII, cuando se convirti\u00f3 en una festividad religiosa en Irlanda. La fecha conmemora a San Patricio, el santo patr\u00f3n de Irlanda que es conocido por haber llevado el cristianismo al pa\u00eds en el siglo V. En Irlanda, la festividad se celebra como un d\u00eda santo, pero en otros pa\u00edses, como los Estados Unidos, se ha convertido en una celebraci\u00f3n m\u00e1s secular que involucra desfiles, m\u00fasica en vivo, y el consumo de cerveza.<\/p>   <figure class=\"wp-block-image size-large\"><img loading=\"lazy\" decoding=\"async\" width=\"900\" height=\"342\" src=\"https:\/\/www.cervezamexico.com\/wp-content\/uploads\/2023\/03\/sanpatricio4-900x342.jpg\" alt=\"\" class=\"wp-image-22636\" srcset=\"https:\/\/www.cervezamexico.com\/cdmx\/wp-content\/uploads\/2023\/03\/sanpatricio4-900x342.jpg 900w, https:\/\/www.cervezamexico.com\/cdmx\/wp-content\/uploads\/2023\/03\/sanpatricio4-600x228.jpg 600w, https:\/\/www.cervezamexico.com\/cdmx\/wp-content\/uploads\/2023\/03\/sanpatricio4-510x194.jpg 510w, https:\/\/www.cervezamexico.com\/cdmx\/wp-content\/uploads\/2023\/03\/sanpatricio4-768x292.jpg 768w, https:\/\/www.cervezamexico.com\/cdmx\/wp-content\/uploads\/2023\/03\/sanpatricio4-1536x584.jpg 1536w, https:\/\/www.cervezamexico.com\/cdmx\/wp-content\/uploads\/2023\/03\/sanpatricio4.jpg 1600w\" sizes=\"auto, (max-width: 900px) 100vw, 900px\" \/><\/figure>   <p>\u00a0<\/p> <h2>Cerveza y el D\u00eda de San Patricio<\/h2> <p>La cerveza ha sido una bebida popular durante el D\u00eda de San Patricio durante mucho tiempo, y muchas cervecer\u00edas artesanales se han unido a la celebraci\u00f3n. La cerveza Guinness, originaria de Irlanda, es considerada la bebida oficial de la festividad, y muchos bares y restaurantes ofrecen promociones especiales en esta bebida durante el D\u00eda de San Patricio. Adem\u00e1s, muchas cervecer\u00edas artesanales elaboran cervezas especiales para este d\u00eda.\u00a0<\/p> <p>\u00a0<\/p>  <div class=\"wp-block-image\"> <figure class=\"aligncenter size-large is-resized\"><img loading=\"lazy\" decoding=\"async\" src=\"https:\/\/www.cervezamexico.com\/wp-content\/uploads\/2023\/03\/sanpatricio1-900x754.jpg\" alt=\"\" class=\"wp-image-22635\" width=\"446\" height=\"373\" srcset=\"https:\/\/www.cervezamexico.com\/cdmx\/wp-content\/uploads\/2023\/03\/sanpatricio1-900x754.jpg 900w, https:\/\/www.cervezamexico.com\/cdmx\/wp-content\/uploads\/2023\/03\/sanpatricio1-600x503.jpg 600w, https:\/\/www.cervezamexico.com\/cdmx\/wp-content\/uploads\/2023\/03\/sanpatricio1-510x428.jpg 510w, https:\/\/www.cervezamexico.com\/cdmx\/wp-content\/uploads\/2023\/03\/sanpatricio1-768x644.jpg 768w, https:\/\/www.cervezamexico.com\/cdmx\/wp-content\/uploads\/2023\/03\/sanpatricio1.jpg 940w\" sizes=\"auto, (max-width: 446px) 100vw, 446px\" \/><\/figure> <\/div>  <h2>Elaboraci\u00f3n de cerveza en Irlanda<\/h2> <p>La cerveza es una bebida importante en la cultura irlandesa, y la elaboraci\u00f3n de cerveza en el pa\u00eds se remonta a varios siglos atr\u00e1s. La cerveza irlandesa se caracteriza por su sabor suave y cremoso, que se logra a trav\u00e9s de la utilizaci\u00f3n de ingredientes como la malta, la cebada, y el l\u00fapulo. Adem\u00e1s, muchas cervecer\u00edas en Irlanda utilizan agua de manantial natural para elaborar su cerveza, lo que le da un sabor distintivo y aut\u00e9ntico.<\/p> <p>\u00a0<\/p> <h2>Tendencias actuales en la cerveza artesanal<\/h2> <p>La cerveza artesanal ha experimentado un auge en popularidad en los \u00faltimos a\u00f1os, especialmente en los Estados Unidos. Las cervecer\u00edas artesanales est\u00e1n innovando con nuevos sabores y estilos, y el D\u00eda de San Patricio es una oportunidad perfecta para presentar sus cervezas especiales. Muchas cervecer\u00edas artesanales tambi\u00e9n promueven el consumo responsable de cerveza y fomentan la educaci\u00f3n sobre el alcohol.<\/p>  <div class=\"wp-block-image\"> <figure class=\"aligncenter size-large is-resized\"><img loading=\"lazy\" decoding=\"async\" src=\"https:\/\/www.cervezamexico.com\/wp-content\/uploads\/2023\/03\/sanpatricio3-900x754.jpg\" alt=\"\" class=\"wp-image-22633\" width=\"434\" height=\"363\" srcset=\"https:\/\/www.cervezamexico.com\/cdmx\/wp-content\/uploads\/2023\/03\/sanpatricio3-900x754.jpg 900w, https:\/\/www.cervezamexico.com\/cdmx\/wp-content\/uploads\/2023\/03\/sanpatricio3-600x503.jpg 600w, https:\/\/www.cervezamexico.com\/cdmx\/wp-content\/uploads\/2023\/03\/sanpatricio3-510x428.jpg 510w, https:\/\/www.cervezamexico.com\/cdmx\/wp-content\/uploads\/2023\/03\/sanpatricio3-768x644.jpg 768w, https:\/\/www.cervezamexico.com\/cdmx\/wp-content\/uploads\/2023\/03\/sanpatricio3.jpg 940w\" sizes=\"auto, (max-width: 434px) 100vw, 434px\" \/><\/figure> <\/div>  <h2><b>Consumo responsable de cerveza<\/b><\/h2> <p>Aunque el D\u00eda de San Patricio es una celebraci\u00f3n divertida, es importante recordar la importancia de un consumo responsable de alcohol.<\/p> <p>\u00a0<\/p>  <div class=\"wp-block-image\"> <figure class=\"aligncenter size-large is-resized\"><img loading=\"lazy\" decoding=\"async\" src=\"https:\/\/www.cervezamexico.com\/wp-content\/uploads\/2023\/03\/sanpatricio2-900x754.jpg\" alt=\"\" class=\"wp-image-22638\" width=\"450\" height=\"376\" srcset=\"https:\/\/www.cervezamexico.com\/cdmx\/wp-content\/uploads\/2023\/03\/sanpatricio2-900x754.jpg 900w, https:\/\/www.cervezamexico.com\/cdmx\/wp-content\/uploads\/2023\/03\/sanpatricio2-600x503.jpg 600w, https:\/\/www.cervezamexico.com\/cdmx\/wp-content\/uploads\/2023\/03\/sanpatricio2-768x644.jpg 768w, https:\/\/www.cervezamexico.com\/cdmx\/wp-content\/uploads\/2023\/03\/sanpatricio2.jpg 940w\" sizes=\"auto, (max-width: 450px) 100vw, 450px\" \/><\/figure> <\/div>  <p><\/p> <p style=\"font-weight: 400;\"> <\/p><p style=\"font-weight: 400;\"> <\/p>   <div class=\"wp-block-query is-layout-flow wp-block-query-is-layout-flow\"><ul class=\"wp-block-post-template is-layout-flow wp-block-post-template-is-layout-flow\"><li class=\"wp-block-post post-39789 post type-post status-publish format-standard has-post-thumbnail hentry category-cerveza-cdmx category-cerveza-mexico category-expo-cerveza-mexico last\">  <div class=\"wp-block-columns alignwide is-layout-flex wp-container-core-columns-is-layout-9d6595d7 wp-block-columns-is-layout-flex\"><\/div>  <\/li><li class=\"wp-block-post post-39782 post type-post status-publish format-standard has-post-thumbnail hentry category-cerveza-cdmx category-cerveza-mexico category-expo-cerveza-mexico last\">  <div class=\"wp-block-columns alignwide is-layout-flex wp-container-core-columns-is-layout-9d6595d7 wp-block-columns-is-layout-flex\"><\/div>  <\/li><li class=\"wp-block-post post-36231 post type-post status-publish format-standard has-post-thumbnail hentry category-expocerveza last\">  <div class=\"wp-block-columns alignwide is-layout-flex wp-container-core-columns-is-layout-9d6595d7 wp-block-columns-is-layout-flex\"><\/div>  <\/li><\/ul><\/div>","protected":false},"excerpt":{"rendered":"<p>El D\u00eda de San Patricio es una festividad de origen irland\u00e9s que se celebra el 17 de marzo en honor al santo patr\u00f3n de Irlanda. Esta festividad se ha extendido a otros pa\u00edses, como los Estados Unidos, donde se ha convertido en una celebraci\u00f3n popular que&hellip;<\/p>\n","protected":false},"author":2,"featured_media":22637,"comment_status":"open","ping_status":"closed","sticky":false,"template":"","format":"standard","meta":{"_acf_changed":false,"inline_featured_image":false,"_jetpack_memberships_contains_paid_content":false,"footnotes":""},"categories":[40,31,30],"tags":[38,33,35,34],"class_list":["post-22632","post","type-post","status-publish","format-standard","has-post-thumbnail","hentry","category-ceveza-artesanal","category-expo-cerveza-guadalajara","category-expocerveza","tag-artesanal","tag-cerveza","tag-expo-cerveza-guadalajara","tag-expocerveza","last"],"acf":[],"yoast_head":"<!-- This site is optimized with the Yoast SEO plugin v27.4 - https:\/\/yoast.com\/product\/yoast-seo-wordpress\/ -->\n<title>Celebrando el D\u00eda de San Patricio con cerveza artesanal - Cerveza M\u00e9xico<\/title>\n<meta name=\"robots\" content=\"index, follow, max-snippet:-1, max-image-preview:large, max-video-preview:-1\" \/>\n<link rel=\"canonical\" href=\"https:\/\/www.cervezamexico.com\/cdmx\/celebrando-el-dia-de-san-patricio-con-cerveza-artesanal\/\" \/>\n<meta property=\"og:locale\" content=\"es_ES\" \/>\n<meta property=\"og:type\" content=\"article\" \/>\n<meta property=\"og:title\" content=\"Celebrando el D\u00eda de San Patricio con cerveza artesanal - Cerveza M\u00e9xico\" \/>\n<meta property=\"og:description\" content=\"El D\u00eda de San Patricio es una festividad de origen irland\u00e9s que se celebra el 17 de marzo en honor al santo patr\u00f3n de Irlanda. Esta festividad se ha extendido a otros pa\u00edses, como los Estados Unidos, donde se ha convertido en una celebraci\u00f3n popular que&hellip;\" \/>\n<meta property=\"og:url\" content=\"https:\/\/www.cervezamexico.com\/cdmx\/celebrando-el-dia-de-san-patricio-con-cerveza-artesanal\/\" \/>\n<meta property=\"og:site_name\" content=\"Cerveza M\u00e9xico\" \/>\n<meta property=\"article:publisher\" content=\"https:\/\/www.facebook.com\/CervezaMexico\" \/>\n<meta property=\"article:published_time\" content=\"2023-03-17T23:00:46+00:00\" \/>\n<meta property=\"article:modified_time\" content=\"2023-03-17T23:00:48+00:00\" \/>\n<meta property=\"og:image\" content=\"https:\/\/www.cervezamexico.com\/cdmx\/wp-content\/uploads\/2023\/03\/snpatricio.jpg\" \/>\n\t<meta property=\"og:image:width\" content=\"960\" \/>\n\t<meta property=\"og:image:height\" content=\"600\" \/>\n\t<meta property=\"og:image:type\" content=\"image\/jpeg\" \/>\n<meta name=\"author\" content=\"admin\" \/>\n<meta name=\"twitter:card\" content=\"summary_large_image\" \/>\n<meta name=\"twitter:creator\" content=\"@CervezaMexico\" \/>\n<meta name=\"twitter:site\" content=\"@CervezaMexico\" \/>\n<meta name=\"twitter:label1\" content=\"Escrito por\" \/>\n\t<meta name=\"twitter:data1\" content=\"admin\" \/>\n\t<meta name=\"twitter:label2\" content=\"Tiempo de lectura\" \/>\n\t<meta name=\"twitter:data2\" content=\"2 minutos\" \/>\n<script type=\"application\/ld+json\" class=\"yoast-schema-graph\">{\"@context\":\"https:\\\/\\\/schema.org\",\"@graph\":[{\"@type\":\"Article\",\"@id\":\"https:\\\/\\\/www.cervezamexico.com\\\/cdmx\\\/celebrando-el-dia-de-san-patricio-con-cerveza-artesanal\\\/#article\",\"isPartOf\":{\"@id\":\"https:\\\/\\\/www.cervezamexico.com\\\/cdmx\\\/celebrando-el-dia-de-san-patricio-con-cerveza-artesanal\\\/\"},\"author\":{\"name\":\"admin\",\"@id\":\"https:\\\/\\\/www.cervezamexico.com\\\/cdmx\\\/#\\\/schema\\\/person\\\/f18d40d71dd3f6781b7862e9b08a92ab\"},\"headline\":\"Celebrando el D\u00eda de San Patricio con cerveza artesanal\",\"datePublished\":\"2023-03-17T23:00:46+00:00\",\"dateModified\":\"2023-03-17T23:00:48+00:00\",\"mainEntityOfPage\":{\"@id\":\"https:\\\/\\\/www.cervezamexico.com\\\/cdmx\\\/celebrando-el-dia-de-san-patricio-con-cerveza-artesanal\\\/\"},\"wordCount\":492,\"commentCount\":0,\"publisher\":{\"@id\":\"https:\\\/\\\/www.cervezamexico.com\\\/cdmx\\\/#organization\"},\"image\":{\"@id\":\"https:\\\/\\\/www.cervezamexico.com\\\/cdmx\\\/celebrando-el-dia-de-san-patricio-con-cerveza-artesanal\\\/#primaryimage\"},\"thumbnailUrl\":\"https:\\\/\\\/www.cervezamexico.com\\\/cdmx\\\/wp-content\\\/uploads\\\/2023\\\/03\\\/snpatricio.jpg\",\"keywords\":[\"artesanal\",\"cerveza\",\"expo cerveza guadalajara\",\"expocerveza\"],\"articleSection\":[\"Ceveza artesanal\",\"Expo Cerveza Guadalajara\",\"ExpoCerveza\"],\"inLanguage\":\"es\",\"potentialAction\":[{\"@type\":\"CommentAction\",\"name\":\"Comment\",\"target\":[\"https:\\\/\\\/www.cervezamexico.com\\\/cdmx\\\/celebrando-el-dia-de-san-patricio-con-cerveza-artesanal\\\/#respond\"]}]},{\"@type\":\"WebPage\",\"@id\":\"https:\\\/\\\/www.cervezamexico.com\\\/cdmx\\\/celebrando-el-dia-de-san-patricio-con-cerveza-artesanal\\\/\",\"url\":\"https:\\\/\\\/www.cervezamexico.com\\\/cdmx\\\/celebrando-el-dia-de-san-patricio-con-cerveza-artesanal\\\/\",\"name\":\"Celebrando el D\u00eda de San Patricio con cerveza artesanal - Cerveza M\u00e9xico\",\"isPartOf\":{\"@id\":\"https:\\\/\\\/www.cervezamexico.com\\\/cdmx\\\/#website\"},\"primaryImageOfPage\":{\"@id\":\"https:\\\/\\\/www.cervezamexico.com\\\/cdmx\\\/celebrando-el-dia-de-san-patricio-con-cerveza-artesanal\\\/#primaryimage\"},\"image\":{\"@id\":\"https:\\\/\\\/www.cervezamexico.com\\\/cdmx\\\/celebrando-el-dia-de-san-patricio-con-cerveza-artesanal\\\/#primaryimage\"},\"thumbnailUrl\":\"https:\\\/\\\/www.cervezamexico.com\\\/cdmx\\\/wp-content\\\/uploads\\\/2023\\\/03\\\/snpatricio.jpg\",\"datePublished\":\"2023-03-17T23:00:46+00:00\",\"dateModified\":\"2023-03-17T23:00:48+00:00\",\"breadcrumb\":{\"@id\":\"https:\\\/\\\/www.cervezamexico.com\\\/cdmx\\\/celebrando-el-dia-de-san-patricio-con-cerveza-artesanal\\\/#breadcrumb\"},\"inLanguage\":\"es\",\"potentialAction\":[{\"@type\":\"ReadAction\",\"target\":[\"https:\\\/\\\/www.cervezamexico.com\\\/cdmx\\\/celebrando-el-dia-de-san-patricio-con-cerveza-artesanal\\\/\"]}]},{\"@type\":\"ImageObject\",\"inLanguage\":\"es\",\"@id\":\"https:\\\/\\\/www.cervezamexico.com\\\/cdmx\\\/celebrando-el-dia-de-san-patricio-con-cerveza-artesanal\\\/#primaryimage\",\"url\":\"https:\\\/\\\/www.cervezamexico.com\\\/cdmx\\\/wp-content\\\/uploads\\\/2023\\\/03\\\/snpatricio.jpg\",\"contentUrl\":\"https:\\\/\\\/www.cervezamexico.com\\\/cdmx\\\/wp-content\\\/uploads\\\/2023\\\/03\\\/snpatricio.jpg\",\"width\":960,\"height\":600},{\"@type\":\"BreadcrumbList\",\"@id\":\"https:\\\/\\\/www.cervezamexico.com\\\/cdmx\\\/celebrando-el-dia-de-san-patricio-con-cerveza-artesanal\\\/#breadcrumb\",\"itemListElement\":[{\"@type\":\"ListItem\",\"position\":1,\"name\":\"Portada\",\"item\":\"https:\\\/\\\/www.cervezamexico.com\\\/cdmx\\\/\"},{\"@type\":\"ListItem\",\"position\":2,\"name\":\"Celebrando el D\u00eda de San Patricio con cerveza artesanal\"}]},{\"@type\":\"WebSite\",\"@id\":\"https:\\\/\\\/www.cervezamexico.com\\\/cdmx\\\/#website\",\"url\":\"https:\\\/\\\/www.cervezamexico.com\\\/cdmx\\\/\",\"name\":\"Cerveza M\u00e9xico\",\"description\":\"Expo Cerveza M\u00e9xico | Juntos por la Cerveza\",\"publisher\":{\"@id\":\"https:\\\/\\\/www.cervezamexico.com\\\/cdmx\\\/#organization\"},\"potentialAction\":[{\"@type\":\"SearchAction\",\"target\":{\"@type\":\"EntryPoint\",\"urlTemplate\":\"https:\\\/\\\/www.cervezamexico.com\\\/cdmx\\\/?s={search_term_string}\"},\"query-input\":{\"@type\":\"PropertyValueSpecification\",\"valueRequired\":true,\"valueName\":\"search_term_string\"}}],\"inLanguage\":\"es\"},{\"@type\":\"Organization\",\"@id\":\"https:\\\/\\\/www.cervezamexico.com\\\/cdmx\\\/#organization\",\"name\":\"Cerveza M\u00e9xico\",\"url\":\"https:\\\/\\\/www.cervezamexico.com\\\/cdmx\\\/\",\"logo\":{\"@type\":\"ImageObject\",\"inLanguage\":\"es\",\"@id\":\"https:\\\/\\\/www.cervezamexico.com\\\/cdmx\\\/#\\\/schema\\\/logo\\\/image\\\/\",\"url\":\"https:\\\/\\\/www.cervezamexico.com\\\/wp-content\\\/uploads\\\/2023\\\/02\\\/logo_web.png\",\"contentUrl\":\"https:\\\/\\\/www.cervezamexico.com\\\/wp-content\\\/uploads\\\/2023\\\/02\\\/logo_web.png\",\"width\":900,\"height\":900,\"caption\":\"Cerveza M\u00e9xico\"},\"image\":{\"@id\":\"https:\\\/\\\/www.cervezamexico.com\\\/cdmx\\\/#\\\/schema\\\/logo\\\/image\\\/\"},\"sameAs\":[\"https:\\\/\\\/www.facebook.com\\\/CervezaMexico\",\"https:\\\/\\\/x.com\\\/CervezaMexico\",\"https:\\\/\\\/www.instagram.com\\\/expo.cerveza\\\/\",\"https:\\\/\\\/www.tiktok.com\\\/@expocerveza\",\"https:\\\/\\\/www.youtube.com\\\/@cervezamexico669\"]},{\"@type\":\"Person\",\"@id\":\"https:\\\/\\\/www.cervezamexico.com\\\/cdmx\\\/#\\\/schema\\\/person\\\/f18d40d71dd3f6781b7862e9b08a92ab\",\"name\":\"admin\",\"image\":{\"@type\":\"ImageObject\",\"inLanguage\":\"es\",\"@id\":\"https:\\\/\\\/secure.gravatar.com\\\/avatar\\\/1f6c456e9e5998dd633fb11fae027e3db316f51cee3d2afed77e0d28a1c008b8?s=96&d=blank&r=g\",\"url\":\"https:\\\/\\\/secure.gravatar.com\\\/avatar\\\/1f6c456e9e5998dd633fb11fae027e3db316f51cee3d2afed77e0d28a1c008b8?s=96&d=blank&r=g\",\"contentUrl\":\"https:\\\/\\\/secure.gravatar.com\\\/avatar\\\/1f6c456e9e5998dd633fb11fae027e3db316f51cee3d2afed77e0d28a1c008b8?s=96&d=blank&r=g\",\"caption\":\"admin\"},\"url\":\"https:\\\/\\\/www.cervezamexico.com\\\/cdmx\\\/author\\\/admin-2\\\/\"}]}<\/script>\n<!-- \/ Yoast SEO plugin. -->","yoast_head_json":{"title":"Celebrando el D\u00eda de San Patricio con cerveza artesanal - Cerveza M\u00e9xico","robots":{"index":"index","follow":"follow","max-snippet":"max-snippet:-1","max-image-preview":"max-image-preview:large","max-video-preview":"max-video-preview:-1"},"canonical":"https:\/\/www.cervezamexico.com\/cdmx\/celebrando-el-dia-de-san-patricio-con-cerveza-artesanal\/","og_locale":"es_ES","og_type":"article","og_title":"Celebrando el D\u00eda de San Patricio con cerveza artesanal - Cerveza M\u00e9xico","og_description":"El D\u00eda de San Patricio es una festividad de origen irland\u00e9s que se celebra el 17 de marzo en honor al santo patr\u00f3n de Irlanda. Esta festividad se ha extendido a otros pa\u00edses, como los Estados Unidos, donde se ha convertido en una celebraci\u00f3n popular que&hellip;","og_url":"https:\/\/www.cervezamexico.com\/cdmx\/celebrando-el-dia-de-san-patricio-con-cerveza-artesanal\/","og_site_name":"Cerveza M\u00e9xico","article_publisher":"https:\/\/www.facebook.com\/CervezaMexico","article_published_time":"2023-03-17T23:00:46+00:00","article_modified_time":"2023-03-17T23:00:48+00:00","og_image":[{"width":960,"height":600,"url":"https:\/\/www.cervezamexico.com\/cdmx\/wp-content\/uploads\/2023\/03\/snpatricio.jpg","type":"image\/jpeg"}],"author":"admin","twitter_card":"summary_large_image","twitter_creator":"@CervezaMexico","twitter_site":"@CervezaMexico","twitter_misc":{"Escrito por":"admin","Tiempo de lectura":"2 minutos"},"schema":{"@context":"https:\/\/schema.org","@graph":[{"@type":"Article","@id":"https:\/\/www.cervezamexico.com\/cdmx\/celebrando-el-dia-de-san-patricio-con-cerveza-artesanal\/#article","isPartOf":{"@id":"https:\/\/www.cervezamexico.com\/cdmx\/celebrando-el-dia-de-san-patricio-con-cerveza-artesanal\/"},"author":{"name":"admin","@id":"https:\/\/www.cervezamexico.com\/cdmx\/#\/schema\/person\/f18d40d71dd3f6781b7862e9b08a92ab"},"headline":"Celebrando el D\u00eda de San Patricio con cerveza artesanal","datePublished":"2023-03-17T23:00:46+00:00","dateModified":"2023-03-17T23:00:48+00:00","mainEntityOfPage":{"@id":"https:\/\/www.cervezamexico.com\/cdmx\/celebrando-el-dia-de-san-patricio-con-cerveza-artesanal\/"},"wordCount":492,"commentCount":0,"publisher":{"@id":"https:\/\/www.cervezamexico.com\/cdmx\/#organization"},"image":{"@id":"https:\/\/www.cervezamexico.com\/cdmx\/celebrando-el-dia-de-san-patricio-con-cerveza-artesanal\/#primaryimage"},"thumbnailUrl":"https:\/\/www.cervezamexico.com\/cdmx\/wp-content\/uploads\/2023\/03\/snpatricio.jpg","keywords":["artesanal","cerveza","expo cerveza guadalajara","expocerveza"],"articleSection":["Ceveza artesanal","Expo Cerveza Guadalajara","ExpoCerveza"],"inLanguage":"es","potentialAction":[{"@type":"CommentAction","name":"Comment","target":["https:\/\/www.cervezamexico.com\/cdmx\/celebrando-el-dia-de-san-patricio-con-cerveza-artesanal\/#respond"]}]},{"@type":"WebPage","@id":"https:\/\/www.cervezamexico.com\/cdmx\/celebrando-el-dia-de-san-patricio-con-cerveza-artesanal\/","url":"https:\/\/www.cervezamexico.com\/cdmx\/celebrando-el-dia-de-san-patricio-con-cerveza-artesanal\/","name":"Celebrando el D\u00eda de San Patricio con cerveza artesanal - Cerveza M\u00e9xico","isPartOf":{"@id":"https:\/\/www.cervezamexico.com\/cdmx\/#website"},"primaryImageOfPage":{"@id":"https:\/\/www.cervezamexico.com\/cdmx\/celebrando-el-dia-de-san-patricio-con-cerveza-artesanal\/#primaryimage"},"image":{"@id":"https:\/\/www.cervezamexico.com\/cdmx\/celebrando-el-dia-de-san-patricio-con-cerveza-artesanal\/#primaryimage"},"thumbnailUrl":"https:\/\/www.cervezamexico.com\/cdmx\/wp-content\/uploads\/2023\/03\/snpatricio.jpg","datePublished":"2023-03-17T23:00:46+00:00","dateModified":"2023-03-17T23:00:48+00:00","breadcrumb":{"@id":"https:\/\/www.cervezamexico.com\/cdmx\/celebrando-el-dia-de-san-patricio-con-cerveza-artesanal\/#breadcrumb"},"inLanguage":"es","potentialAction":[{"@type":"ReadAction","target":["https:\/\/www.cervezamexico.com\/cdmx\/celebrando-el-dia-de-san-patricio-con-cerveza-artesanal\/"]}]},{"@type":"ImageObject","inLanguage":"es","@id":"https:\/\/www.cervezamexico.com\/cdmx\/celebrando-el-dia-de-san-patricio-con-cerveza-artesanal\/#primaryimage","url":"https:\/\/www.cervezamexico.com\/cdmx\/wp-content\/uploads\/2023\/03\/snpatricio.jpg","contentUrl":"https:\/\/www.cervezamexico.com\/cdmx\/wp-content\/uploads\/2023\/03\/snpatricio.jpg","width":960,"height":600},{"@type":"BreadcrumbList","@id":"https:\/\/www.cervezamexico.com\/cdmx\/celebrando-el-dia-de-san-patricio-con-cerveza-artesanal\/#breadcrumb","itemListElement":[{"@type":"ListItem","position":1,"name":"Portada","item":"https:\/\/www.cervezamexico.com\/cdmx\/"},{"@type":"ListItem","position":2,"name":"Celebrando el D\u00eda de San Patricio con cerveza artesanal"}]},{"@type":"WebSite","@id":"https:\/\/www.cervezamexico.com\/cdmx\/#website","url":"https:\/\/www.cervezamexico.com\/cdmx\/","name":"Cerveza M\u00e9xico","description":"Expo Cerveza M\u00e9xico | Juntos por la Cerveza","publisher":{"@id":"https:\/\/www.cervezamexico.com\/cdmx\/#organization"},"potentialAction":[{"@type":"SearchAction","target":{"@type":"EntryPoint","urlTemplate":"https:\/\/www.cervezamexico.com\/cdmx\/?s={search_term_string}"},"query-input":{"@type":"PropertyValueSpecification","valueRequired":true,"valueName":"search_term_string"}}],"inLanguage":"es"},{"@type":"Organization","@id":"https:\/\/www.cervezamexico.com\/cdmx\/#organization","name":"Cerveza M\u00e9xico","url":"https:\/\/www.cervezamexico.com\/cdmx\/","logo":{"@type":"ImageObject","inLanguage":"es","@id":"https:\/\/www.cervezamexico.com\/cdmx\/#\/schema\/logo\/image\/","url":"https:\/\/www.cervezamexico.com\/wp-content\/uploads\/2023\/02\/logo_web.png","contentUrl":"https:\/\/www.cervezamexico.com\/wp-content\/uploads\/2023\/02\/logo_web.png","width":900,"height":900,"caption":"Cerveza M\u00e9xico"},"image":{"@id":"https:\/\/www.cervezamexico.com\/cdmx\/#\/schema\/logo\/image\/"},"sameAs":["https:\/\/www.facebook.com\/CervezaMexico","https:\/\/x.com\/CervezaMexico","https:\/\/www.instagram.com\/expo.cerveza\/","https:\/\/www.tiktok.com\/@expocerveza","https:\/\/www.youtube.com\/@cervezamexico669"]},{"@type":"Person","@id":"https:\/\/www.cervezamexico.com\/cdmx\/#\/schema\/person\/f18d40d71dd3f6781b7862e9b08a92ab","name":"admin","image":{"@type":"ImageObject","inLanguage":"es","@id":"https:\/\/secure.gravatar.com\/avatar\/1f6c456e9e5998dd633fb11fae027e3db316f51cee3d2afed77e0d28a1c008b8?s=96&d=blank&r=g","url":"https:\/\/secure.gravatar.com\/avatar\/1f6c456e9e5998dd633fb11fae027e3db316f51cee3d2afed77e0d28a1c008b8?s=96&d=blank&r=g","contentUrl":"https:\/\/secure.gravatar.com\/avatar\/1f6c456e9e5998dd633fb11fae027e3db316f51cee3d2afed77e0d28a1c008b8?s=96&d=blank&r=g","caption":"admin"},"url":"https:\/\/www.cervezamexico.com\/cdmx\/author\/admin-2\/"}]}},"jetpack_featured_media_url":"https:\/\/www.cervezamexico.com\/cdmx\/wp-content\/uploads\/2023\/03\/snpatricio.jpg","jetpack_sharing_enabled":true,"_links":{"self":[{"href":"https:\/\/www.cervezamexico.com\/cdmx\/wp-json\/wp\/v2\/posts\/22632","targetHints":{"allow":["GET"]}}],"collection":[{"href":"https:\/\/www.cervezamexico.com\/cdmx\/wp-json\/wp\/v2\/posts"}],"about":[{"href":"https:\/\/www.cervezamexico.com\/cdmx\/wp-json\/wp\/v2\/types\/post"}],"author":[{"embeddable":true,"href":"https:\/\/www.cervezamexico.com\/cdmx\/wp-json\/wp\/v2\/users\/2"}],"replies":[{"embeddable":true,"href":"https:\/\/www.cervezamexico.com\/cdmx\/wp-json\/wp\/v2\/comments?post=22632"}],"version-history":[{"count":0,"href":"https:\/\/www.cervezamexico.com\/cdmx\/wp-json\/wp\/v2\/posts\/22632\/revisions"}],"wp:featuredmedia":[{"embeddable":true,"href":"https:\/\/www.cervezamexico.com\/cdmx\/wp-json\/wp\/v2\/media\/22637"}],"wp:attachment":[{"href":"https:\/\/www.cervezamexico.com\/cdmx\/wp-json\/wp\/v2\/media?parent=22632"}],"wp:term":[{"taxonomy":"category","embeddable":true,"href":"https:\/\/www.cervezamexico.com\/cdmx\/wp-json\/wp\/v2\/categories?post=22632"},{"taxonomy":"post_tag","embeddable":true,"href":"https:\/\/www.cervezamexico.com\/cdmx\/wp-json\/wp\/v2\/tags?post=22632"}],"curies":[{"name":"wp","href":"https:\/\/api.w.org\/{rel}","templated":true}]}}